{"id":345434,"date":"2019-03-20T23:28:02","date_gmt":"2019-03-20T23:28:02","guid":{"rendered":"http:\/\/www.abnewswire.com\/pressreleases\/?p=345434"},"modified":"2019-03-20T23:28:02","modified_gmt":"2019-03-20T23:28:02","slug":"viktor-erek-make-each-moment-count-with-his-photography","status":"publish","type":"post","link":"https:\/\/www.abnewswire.com\/pressreleases\/viktor-erek-make-each-moment-count-with-his-photography_345434.html","title":{"rendered":"VIKTOR DEREK MAKES EACH MOMENT COUNT WITH HIS PHOTOGRAPHY"},"content":{"rendered":"<p style=\"text-align: justify;\">VIKTOR \u0110EREK, born in Split and raised in Dubrovnik, Croatia, is making impressions in the world of photography and music. \u0110erek&#8217;s photography journey began when he took a photography class at the age of 9. From that time, he began to use an analog camera to take independent photos while traveling with his grandfather and uploading them on Flickr. Over time, \u0110erek moved from an analog to digital photography which now gives him the ability to churn out top-notch pictures by experimenting with colors, cadres, motives, and more.<\/p>\n<p style=\"text-align: justify;\">Viktor \u0110erek&rsquo;s musical talent laid the technical and aesthetic foundations for his photography. He produces photography that was far ahead of his time and it reflected in the photos he usually uploaded on the image hosting platform Flickr, prompting a Tourist organization to contact him to help them work on a new advertising campaign &ndash; Fairy Tale Croatia. The campaign was shot in cities like Dubrovnik, &Scaron;ibenik, Zadar, and Zagreb as well as in the National Parks of Krka and Plitvice Lakes.<\/p>\n<p style=\"text-align: justify;\">Viktor \u0110erek believes in making each moment count with his photography: &ldquo;I don&rsquo;t think you should take photos just for the sake of taking them. You should only take photos because there is some deeper personal meaning for you. Whenever I see something that is truly important to me, I don&rsquo;t need to &ldquo;force&rdquo; myself to take a photograph. The camera naturally floats toward my hand. There is no effort necessary,&rdquo; Viktor \u0110erek says.<\/p>\n<p style=\"text-align: justify;\">Viktor \u0110erek is a multitalented person that has also made an impression on the world of music. His musical talent was recognized by his elementary school teacher at the age of 8 after writing his first song for his best friend. He later graduated from a music school known as Art school Luka Sorko\u010devi\u0107. Winning the music show for teens called &#8220;Republika&#8221; was what brought \u0110erek into the limelight and ever since then, he&rsquo;s been performing live at various manifestations.&nbsp;<\/p>\n<p style=\"text-align: justify;\">Apart from being a talented photographer and musician, Viktor \u0110erek is also known for his activism. If he&rsquo;s not fighting for the preservation of nature, he will be fighting for human right in conjunction with the human rights organizations. This activism has earned him popularity among the youth. Viktor \u0110erek has also been noticed to participate in a number of online surveys through social networks.<\/p>\n<p style=\"text-align: justify;\">For those interested in seeing the works of Viktor \u0110erek or wants to know more about him, they should visit his Instagram page @ <a rel=\"nofollow\" href=\"https:\/\/www.instagram.com\/viktorderek\/\" target=\"_blank\">https:\/\/www.instagram.com\/viktorderek\/<\/a><\/p>\n<p><span style='font-size:18px !important;'>Media Contact<\/span><br \/><strong>Contact Person:<\/strong> Viktor Derek<br \/><strong>Email:<\/strong> <a href='http:\/\/www.universalpressrelease.com\/?pr=viktor-erek-make-each-moment-count-with-his-photography&#038;type=pra'>Send Email<\/a><br \/><strong>Country:<\/strong> Croatia<br \/><strong>Website:<\/strong> <a href=\"https:\/\/www.instagram.com\/viktorderek\/\" target=\"_blank\" rel=\"nofollow\">https:\/\/www.instagram.com\/viktorderek\/<\/a><\/p>\n<p><object type=\"text\/html\" data=\"https:\/\/www.instagram.com\/viktorderek\/\" style=\"width:605px; height:400px;\"><\/object><\/p>\n<p><img decoding=\"async\" src=\"https:\/\/www.abnewswire.com\/press_stat.php?pr=viktor-erek-make-each-moment-count-with-his-photography\" alt=\"\" width=\"1px\" height=\"1px\" \/><\/p>\n","protected":false},"excerpt":{"rendered":"<p>VIKTOR \u0110EREK, born in Split and raised in Dubrovnik, Croatia, is making impressions in the world of photography and music. \u0110erek&#8217;s photography journey began when he took a photography class at the age of 9. From that time, he began &hellip; <a href=\"https:\/\/www.abnewswire.com\/pressreleases\/viktor-erek-make-each-moment-count-with-his-photography_345434.html\">Continue reading <span class=\"meta-nav\">&rarr;<\/span><\/a><\/p>\n","protected":false},"author":0,"featured_media":0,"comment_status":"closed","ping_status":"open","sticky":false,"template":"","format":"standard","meta":{"footnotes":""},"categories":[401],"tags":[],"class_list":["post-345434","post","type-post","status-publish","format-standard","hentry","category-Business"],"_links":{"self":[{"href":"https:\/\/www.abnewswire.com\/pressreleases\/wp-json\/wp\/v2\/posts\/345434","targetHints":{"allow":["GET"]}}],"collection":[{"href":"https:\/\/www.abnewswire.com\/pressreleases\/wp-json\/wp\/v2\/posts"}],"about":[{"href":"https:\/\/www.abnewswire.com\/pressreleases\/wp-json\/wp\/v2\/types\/post"}],"replies":[{"embeddable":true,"href":"https:\/\/www.abnewswire.com\/pressreleases\/wp-json\/wp\/v2\/comments?post=345434"}],"version-history":[{"count":0,"href":"https:\/\/www.abnewswire.com\/pressreleases\/wp-json\/wp\/v2\/posts\/345434\/revisions"}],"wp:attachment":[{"href":"https:\/\/www.abnewswire.com\/pressreleases\/wp-json\/wp\/v2\/media?parent=345434"}],"wp:term":[{"taxonomy":"category","embeddable":true,"href":"https:\/\/www.abnewswire.com\/pressreleases\/wp-json\/wp\/v2\/categories?post=345434"},{"taxonomy":"post_tag","embeddable":true,"href":"https:\/\/www.abnewswire.com\/pressreleases\/wp-json\/wp\/v2\/tags?post=345434"}],"curies":[{"name":"wp","href":"https:\/\/api.w.org\/{rel}","templated":true}]}}